{"id":1838,"date":"2026-09-02T21:44:13","date_gmt":"2026-09-03T02:44:13","guid":{"rendered":"https:\/\/www.myriamjimeno.com\/?p=1838"},"modified":"2026-09-02T21:48:58","modified_gmt":"2026-09-03T02:48:58","slug":"numero-13-2024-revista-plural-antropologias-desde-america-latina-y-del-caribe-enero-junio-2024","status":"publish","type":"post","link":"https:\/\/www.myriamjimeno.com\/?p=1838","title":{"rendered":"N\u00famero 13 (2024). Revista Plural. Antropolog\u00edas desde Am\u00e9rica Latina y del Caribe (Enero-Junio 2024)"},"content":{"rendered":"\n<p style=\"text-align: left;\">Este n\u00famero de Plural que presentamos est\u00e1 dedicado a analizar los aportes y las influencias de la obra de la antrop\u00f3loga colombiana Myriam Jimeno. Su trayectoria nos recuerda que la antropolog\u00eda alcanza su mayor potencia cuando escucha, dialoga e interpela; cuando produce conocimiento desde una perspectiva rigurosa y situada, entendiendo que el pensamiento tambi\u00e9n es una forma de compromiso con el mundo que habitamos. Su legado trasciende los campos tem\u00e1ticos que ha investigado, renovando su comprensi\u00f3n, como la de las relaciones entre Estado, violencia, emociones, memoria, etnicidad y ciudadan\u00eda.&nbsp; La pr\u00e1ctica antropol\u00f3gica, desde su mirada, es una forma de ciudadan\u00eda intelectual comprometida con la comprensi\u00f3n y la transformaci\u00f3n de la vida social. Se suma a lo significativo de la obra de Myriam Jimeno, su participaci\u00f3n activa en espacios de intercambio promovidos por ALA, su permanente disposici\u00f3n al di\u00e1logo entre generaciones de investigadoras e investigadores y su compromiso con la consolidaci\u00f3n de redes latinoamericanas de producci\u00f3n de conocimiento hacen de su trayectoria un ejemplo de aquello que la Asociaci\u00f3n aspira a construir: una antropolog\u00eda rigurosa, cr\u00edtica, p\u00fablica y profundamente latinoamericana. Este n\u00famero de Plural quiere ser, por ello, un reconocimiento y una invitaci\u00f3n. Un reconocimiento a una trayectoria que ha enriquecido la antropolog\u00eda latinoamericana y contribuido a consolidar una comunidad intelectual comprometida con los grandes problemas de la regi\u00f3n. Al fin y al cabo, la pluralidad no es solo el nombre de una revista: es una manera de hacer antropolog\u00eda y de construir comunidad acad\u00e9mica en Am\u00e9rica Latina y el Caribe. Con este prop\u00f3sito, invitamos a Natalia De&nbsp; Marinis, antrop\u00f3loga argentina, residente e investigadora del CIESAS, M\u00e9xico, y a Andr\u00e9s L. G\u00f3ngora, investigador de la Universidad Nacional de Colombia, ambos conocedores de la obra de Myriam Jimeno. Agradecemos la aceptaci\u00f3n de esta propuesta y el magn\u00edfico material que nos presentan en este n\u00famero de la Revista Plural.&nbsp;<\/p>\n\n\n\n<div data-wp-interactive=\"core\/file\" class=\"wp-block-file\"><object data-wp-bind--hidden=\"!state.hasPdfPreview\" hidden class=\"wp-block-file__embed\" data=\"https:\/\/www.myriamjimeno.com\/wp-content\/uploads\/2026\/09\/Numero-13-2024.-Revista-Plural.-Antropologias-desde-America-Latina-y-del-Caribe-Enero-Junio-2024.pdf\" type=\"application\/pdf\" style=\"width:100%;height:600px\" aria-label=\"Incrustado de N\u00famero 13 (2024). Revista Plural. Antropolog\u00edas desde Am\u00e9rica Latina y del Caribe (Enero-Junio 2024).\"><\/object><a id=\"wp-block-file--media-4cbc2cb3-4084-4e42-8a1a-504d7bffd506\" href=\"https:\/\/www.myriamjimeno.com\/wp-content\/uploads\/2026\/09\/Numero-13-2024.-Revista-Plural.-Antropologias-desde-America-Latina-y-del-Caribe-Enero-Junio-2024.pdf\">N\u00famero 13 (2024). Revista Plural. Antropolog\u00edas desde Am\u00e9rica Latina y del Caribe (Enero-Junio 2024)<\/a><a href=\"https:\/\/www.myriamjimeno.com\/wp-content\/uploads\/2026\/09\/Numero-13-2024.-Revista-Plural.-Antropologias-desde-America-Latina-y-del-Caribe-Enero-Junio-2024.pdf\" class=\"wp-block-file__button wp-element-button\" download aria-describedby=\"wp-block-file--media-4cbc2cb3-4084-4e42-8a1a-504d7bffd506\">Descarga<\/a><\/div>\n","protected":false},"excerpt":{"rendered":"<p>Este n\u00famero de Plural que presentamos est\u00e1 dedicado a analizar los aportes y las influencias de la obra de la antrop\u00f3loga colombiana Myriam Jimeno. Su trayectoria nos recuerda que la antropolog\u00eda alcanza su mayor potencia cuando escucha, dialoga e interpela; cuando produce conocimiento desde una perspectiva rigurosa y situada, entendiendo <a href=\"https:\/\/www.myriamjimeno.com\/?p=1838\" class=\"btn btn-link continue-link\">Seguir leyendo<\/a><\/p>\n","protected":false},"author":1,"featured_media":0,"comment_status":"closed","ping_status":"closed","sticky":true,"template":"","format":"standard","meta":{"ngg_post_thumbnail":0,"footnotes":""},"categories":[3,50],"tags":[10,34,53,55],"class_list":["post-1838","post","type-post","status-publish","format-standard","hentry","category-noticias","category-publicaciones","tag-divulgacion","tag-publicaciones","tag-reconocimientos","tag-revistas"],"_links":{"self":[{"href":"https:\/\/www.myriamjimeno.com\/index.php?rest_route=\/wp\/v2\/posts\/1838","targetHints":{"allow":["GET"]}}],"collection":[{"href":"https:\/\/www.myriamjimeno.com\/index.php?rest_route=\/wp\/v2\/posts"}],"about":[{"href":"https:\/\/www.myriamjimeno.com\/index.php?rest_route=\/wp\/v2\/types\/post"}],"author":[{"embeddable":true,"href":"https:\/\/www.myriamjimeno.com\/index.php?rest_route=\/wp\/v2\/users\/1"}],"replies":[{"embeddable":true,"href":"https:\/\/www.myriamjimeno.com\/index.php?rest_route=%2Fwp%2Fv2%2Fcomments&post=1838"}],"version-history":[{"count":4,"href":"https:\/\/www.myriamjimeno.com\/index.php?rest_route=\/wp\/v2\/posts\/1838\/revisions"}],"predecessor-version":[{"id":1845,"href":"https:\/\/www.myriamjimeno.com\/index.php?rest_route=\/wp\/v2\/posts\/1838\/revisions\/1845"}],"wp:attachment":[{"href":"https:\/\/www.myriamjimeno.com\/index.php?rest_route=%2Fwp%2Fv2%2Fmedia&parent=1838"}],"wp:term":[{"taxonomy":"category","embeddable":true,"href":"https:\/\/www.myriamjimeno.com\/index.php?rest_route=%2Fwp%2Fv2%2Fcategories&post=1838"},{"taxonomy":"post_tag","embeddable":true,"href":"https:\/\/www.myriamjimeno.com\/index.php?rest_route=%2Fwp%2Fv2%2Ftags&post=1838"}],"curies":[{"name":"wp","href":"https:\/\/api.w.org\/{rel}","templated":true}]}}